{"id":21739,"date":"2020-09-09T09:00:57","date_gmt":"2020-09-09T06:00:57","guid":{"rendered":"https:\/\/crjm.org\/?p=21739"},"modified":"2020-10-08T11:08:18","modified_gmt":"2020-10-08T08:08:18","slug":"peste-100-de-reprezentanti-ai-organizatiilor-societatii-civile-au-discutat-subiecte-actuale-pentru-activitatea-osc-urilor-in-perioade-de-criza","status":"publish","type":"post","link":"https:\/\/old.crjm.org\/ru\/peste-100-de-reprezentanti-ai-organizatiilor-societatii-civile-au-discutat-subiecte-actuale-pentru-activitatea-osc-urilor-in-perioade-de-criza\/","title":{"rendered":"Peste 100 de reprezentan\u021bi ai organiza\u021biilor societ\u0103\u021bii civile au discutat subiecte actuale pentru activitatea OSC-urilor \u00een perioade de criz\u0103"},"content":{"rendered":"<p style=\"text-align: justify;\"><span style=\"font-size: 12pt;\">\u201eSubiecte actuale\u201d, \u201einforma\u021bii foarte utile\u201d, \u201eun mare suport \u00een aceast\u0103 perioad\u0103 de criz\u0103 pentru organiza\u021biile societ\u0103\u021bii civile\u201d \u2013 asemenea aprecieri a primit conferin\u021ba na\u021bional\u0103 \u201eRezilien\u021ba \u00een timpuri de criz\u0103\u201d, organizat\u0103 de Centrul de Resurse Juridice din Moldova online, \u00eentre 2-4 septembrie curent.<\/span><\/p>\n<p style=\"text-align: justify;\"><span style=\"font-size: 12pt;\">Pe parcursul a trei zile, peste 100 de reprezentan\u021bi ai organiza\u021biilor societ\u0103\u021bii civile (OSC) \u0219i activi\u0219ti civici au participat la discu\u021bii \u0219i au \u00eemp\u0103rt\u0103\u0219it din experien\u021ba lor despre ce provoc\u0103ri au \u00eent\u00e2mpinat \u00een perioada pandemiei de COVID-19, cum le-au dep\u0103\u0219it \u0219i cum au reu\u0219it s\u0103 se solidarizeze cu cei care au avut cel mai mult nevoie de ajutor \u2013 lucr\u0103torii medicali, victimele violen\u021bei \u00een familie \u0219i alte persoane din grupurile de risc.<\/span><\/p>\n<p style=\"text-align: justify;\"><span style=\"font-size: 12pt;\">Participan\u021bii la conferin\u021b\u0103 au mai aflat despre nova\u021biile legii cu privire la organiza\u021biile necomerciale, care a intrat \u00een vigoare la 27 august 2020, s-au familiarizat cu regulile de baz\u0103 privind securitatea digital\u0103, au \u00eenv\u0103\u021bat cum s\u0103 comunice \u00een perioadele de criz\u0103, cum s\u0103 deosebeasc\u0103 \u0219tirile false care abund\u0103 \u00een perioada de pandemie, de ce participarea cet\u0103\u021benilor este important\u0103 \u00een perioadele de criz\u0103. De asemenea, participan\u021bii au aflat despre ce \u00eenseamn\u0103 \u0219i cum s\u0103 foloseasc\u0103 datele deschise, de ce elaborarea politicilor urmeaz\u0103 s\u0103 se bazeze pe date \u0219i au aflat mai multe detalii despre ce este \u0219i cum func\u021bioneaz\u0103 participarea bugetar\u0103 la nivel local.<\/span><\/p>\n<p style=\"text-align: justify;\"><span style=\"font-size: 12pt;\">Participan\u021bii au avut posibilitatea s\u0103 aib\u0103 un dialog cu organiza\u021bii donatoare \u0219i Ambasade \u00een Republica Moldova \u00een cadrul unei sesiuni \u00eenchise, la care au participat USAID Moldova, Ambasada Suediei \u00een Moldova, Funda\u021bia Est-European\u0103, UN Women Moldova, Oficiul ONU pentru Drepturile Omului (OHCHR) Moldova, IREX Europe, IM Swedish Development Partner, OMS \u00een Moldova.<\/span><\/p>\n<p style=\"text-align: justify;\"><span style=\"font-size: 12pt;\">\u00cenregistrarea sesiunilor conferin\u021bei na\u021bionale pentru OSC-uri \u201eRezilien\u021ba \u00een timpuri de criz\u0103\u201d poate fi urm\u0103rit\u0103 online pe www.privesc.eu:<\/span><\/p>\n<p style=\"text-align: justify;\"><span style=\"font-size: 12pt;\"><strong>2 septembrie 2020<\/strong><\/span><\/p>\n<ul style=\"text-align: justify;\">\n<li><span style=\"font-size: 12pt;\"><a href=\"https:\/\/www.privesc.eu\/Arhiva\/91808\/Conferinta-nationala-a-organizatiilor-societatii-civile--Rezilienta-in-timpuri-de-criza---Sedinta-plenara--Raspunsul-societatii-civile-din-Moldova-la-\">R\u0103spunsul societ\u0103\u021bii civile din Moldova la criza COVID-19. Istorii de solidaritate<\/a><\/span><\/li>\n<\/ul>\n<p>Prezent\u0103rile sunt disponibile mai jos:<\/p>\n<p><a href=\"https:\/\/old2.old.crjm.org\/wp-content\/uploads\/2020\/09\/CRJM-Conf-OSC-1-Solidaritate-in-criza-RCTV.pdf\">Prezentare &#8211; RCTV Memoria<\/a><\/p>\n<p><a href=\"https:\/\/old2.old.crjm.org\/wp-content\/uploads\/2020\/09\/CRJM-Conf-OSC-2-Solidaritate-Initiativa-pozitiva.pdf\">Prezentare &#8211; Ini\u021biativa Pozitiv\u0103<\/a><\/p>\n<p><a href=\"https:\/\/old2.old.crjm.org\/wp-content\/uploads\/2020\/09\/CRJM-Conf-OSC-3-Solidaritate-Vieru-V.pdf\">Prezentare &#8211; Promo-LEX<\/a><\/p>\n<p><iframe loading=\"lazy\" style=\"border: none; overflow: hidden;\" src=\"https:\/\/www.facebook.com\/plugins\/video.php?href=https%3A%2F%2Fwww.facebook.com%2FCRJM.org%2Fvideos%2F358284438514513%2F&#038;show_text=0&#038;width=560\" width=\"560\" height=\"315\" frameborder=\"0\" scrolling=\"no\" allowfullscreen=\"allowfullscreen\"><\/iframe><\/p>\n<ul style=\"text-align: justify;\">\n<li><span style=\"font-size: 12pt;\"><a href=\"https:\/\/www.privesc.eu\/Arhiva\/91809\/Conferinta-nationala-a-organizatiilor-societatii-civile--Rezilienta-in-timpuri-de-criza---Prezentarea-nr--1--Comunicarea-OSC-urilor-in-timp-de-criza\">Comunicarea OSC-urilor \u00een timp de criz\u0103<\/a> (prezentarea este disponibil\u0103 <a href=\"https:\/\/old2.old.crjm.org\/wp-content\/uploads\/2020\/09\/PPT_Comunicare-criza_ro.pdf\" target=\"_blank\" rel=\"noopener\">aici<\/a>)<\/span><\/li>\n<\/ul>\n<p><iframe loading=\"lazy\" style=\"border: none; overflow: hidden;\" src=\"https:\/\/www.facebook.com\/plugins\/video.php?href=https%3A%2F%2Fwww.facebook.com%2FCRJM.org%2Fvideos%2F661709427803336%2F&#038;show_text=0&#038;width=560\" width=\"560\" height=\"315\" frameborder=\"0\" scrolling=\"no\" allowfullscreen=\"allowfullscreen\"><\/iframe><\/p>\n<p>&nbsp;<\/p>\n<ul style=\"text-align: justify;\">\n<li><span style=\"font-size: 12pt;\"><a href=\"https:\/\/www.privesc.eu\/Arhiva\/91811\/Conferinta-nationala-a-organizatiilor-societatii-civile--Rezilienta-in-timpuri-de-criza---Novatiile-legii-cu-privire-la-organizatiile-necomerciale--Ce\">Nova\u021biile legii cu privire la organiza\u021biile necomerciale. Ce schimb\u0103ri aduce pentru sectorul ONC?<\/a> (prezentarea este disponibil\u0103 <a href=\"https:\/\/old2.old.crjm.org\/wp-content\/uploads\/2020\/09\/CRJM-Conf-OSC-Legea-ONC-I-Chirtoaca-V-Gribincea.pdf\" target=\"_blank\" rel=\"noopener\">aici<\/a>)<\/span><\/li>\n<\/ul>\n<p><iframe loading=\"lazy\" style=\"border: none; overflow: hidden;\" src=\"https:\/\/www.facebook.com\/plugins\/video.php?href=https%3A%2F%2Fwww.facebook.com%2FCRJM.org%2Fvideos%2F765281237570627%2F&#038;show_text=0&#038;width=560\" width=\"560\" height=\"315\" frameborder=\"0\" scrolling=\"no\" allowfullscreen=\"allowfullscreen\"><\/iframe><\/p>\n<p style=\"text-align: justify;\"><span style=\"font-size: 12pt;\"><strong>3 septembrie 2020<\/strong><\/span><\/p>\n<ul style=\"text-align: justify;\">\n<li><span style=\"font-size: 12pt;\"><a href=\"https:\/\/www.privesc.eu\/Arhiva\/91812\/Conferinta-nationala-a-organizatiilor-societatii-civile--Rezilienta-in-timpuri-de-criza---Sedinta-plenara--Problemele-si-nevoile-OSC-urilor-din-Moldov\">Problemele \u0219i nevoile OSC-urilor din Moldova \u00een perioada crizei COVID-19<\/a> <br \/>\n<\/span><\/li>\n<\/ul>\n<p><iframe loading=\"lazy\" style=\"border: none; overflow: hidden;\" src=\"https:\/\/www.facebook.com\/plugins\/video.php?href=https%3A%2F%2Fwww.facebook.com%2FCRJM.org%2Fvideos%2F302914304339314%2F&#038;show_text=0&#038;width=560\" width=\"560\" height=\"315\" frameborder=\"0\" scrolling=\"no\" allowfullscreen=\"allowfullscreen\"><\/iframe><\/p>\n<ul style=\"text-align: justify;\">\n<li><span style=\"font-size: 12pt;\"><a href=\"https:\/\/www.privesc.eu\/Arhiva\/91813\/Conferinta-nationala-a-organizatiilor-societatii-civile--Rezilienta-in-timpuri-de-criza---Prezentarea-nr--1--Implicarea-cetatenilor-pe-timp-de-crize\">Implicarea cet\u0103\u021benilor pe timp de crize<\/a> (prezentarea este disponibil\u0103 <a href=\"https:\/\/old2.old.crjm.org\/wp-content\/uploads\/2020\/09\/Implicarea-cetat-proces-deciz.pdf\" target=\"_blank\" rel=\"noopener\">aici<\/a>)<\/span><\/li>\n<\/ul>\n<p><iframe loading=\"lazy\" style=\"border: none; overflow: hidden;\" src=\"https:\/\/www.facebook.com\/plugins\/video.php?href=https%3A%2F%2Fwww.facebook.com%2FCRJM.org%2Fvideos%2F646066496026672%2F&#038;show_text=0&#038;width=560\" width=\"560\" height=\"315\" frameborder=\"0\" scrolling=\"no\" allowfullscreen=\"allowfullscreen\"><\/iframe><\/p>\n<ul style=\"text-align: justify;\">\n<li><span style=\"font-size: 12pt;\"><a href=\"https:\/\/www.privesc.eu\/Arhiva\/91814\/Conferinta-nationala-a-organizatiilor-societatii-civile--Rezilienta-in-timpuri-de-criza---Prezentarea-nr--2--Dezinformarea-pe-timp-de-crize---cum-recu\">Dezinformarea pe timp de crize \u2013 cum recunoa\u0219tem \u0219i combatem \u0219tirile false<\/a> (prezentarea este disponibil\u0103 <a href=\"https:\/\/old2.old.crjm.org\/wp-content\/uploads\/2020\/09\/CRJM-Conf-OSC-Dezinformarea-L-Zaharia.pdf\" target=\"_blank\" rel=\"noopener\">aici<\/a>)<\/span><\/li>\n<\/ul>\n<p><iframe loading=\"lazy\" style=\"border: none; overflow: hidden;\" src=\"https:\/\/www.facebook.com\/plugins\/video.php?href=https%3A%2F%2Fwww.facebook.com%2FCRJM.org%2Fvideos%2F1030993630665860%2F&#038;show_text=0&#038;width=560\" width=\"560\" height=\"315\" frameborder=\"0\" scrolling=\"no\" allowfullscreen=\"allowfullscreen\"><\/iframe><\/p>\n<p style=\"text-align: justify;\"><span style=\"font-size: 12pt;\"><strong>4 septembrie 2020<\/strong><\/span><\/p>\n<ul style=\"text-align: justify;\">\n<li><span style=\"font-size: 12pt;\"><a href=\"https:\/\/www.privesc.eu\/Arhiva\/91815\/Conferinta-nationala-a-organizatiilor-societatii-civile--Rezilienta-in-timpuri-de-criza---Prezentarea-nr--1--Datele-deschise-si-elaborarea-de-politici\">Datele deschise \u0219i elaborarea de politici bazate pe date<\/a> (prezentarea este disponibil\u0103 <a href=\"https:\/\/old2.old.crjm.org\/wp-content\/uploads\/2020\/09\/Date-Deschise.pdf\" target=\"_blank\" rel=\"noopener\">aici<\/a>)<\/span><\/li>\n<\/ul>\n<p><iframe loading=\"lazy\" style=\"border: none; overflow: hidden;\" src=\"https:\/\/www.facebook.com\/plugins\/video.php?href=https%3A%2F%2Fwww.facebook.com%2FCRJM.org%2Fvideos%2F973619283140215%2F&#038;show_text=0&#038;width=560\" width=\"560\" height=\"315\" frameborder=\"0\" scrolling=\"no\" allowfullscreen=\"allowfullscreen\"><\/iframe><\/p>\n<ul style=\"text-align: justify;\">\n<li><span style=\"font-size: 12pt;\"><a href=\"https:\/\/www.privesc.eu\/Arhiva\/91816\/Conferinta-nationala-a-organizatiilor-societatii-civile--Rezilienta-in-timpuri-de-criza---Prezentarea-nr--2--Participarea-bugetara-la-nivel-local\">Participarea bugetar\u0103 la nivel local<\/a> (prezentarea este disponibil\u0103 <a href=\"https:\/\/old2.old.crjm.org\/wp-content\/uploads\/2020\/09\/CRJM-Conf-OSC-participare-bugetara-D-Enachi.pdf\" target=\"_blank\" rel=\"noopener\">aici<\/a>)<\/span><\/li>\n<\/ul>\n<p><iframe loading=\"lazy\" style=\"border: none; overflow: hidden;\" src=\"https:\/\/www.facebook.com\/plugins\/video.php?href=https%3A%2F%2Fwww.facebook.com%2FCRJM.org%2Fvideos%2F748564169256888%2F&#038;show_text=0&#038;width=560\" width=\"560\" height=\"315\" frameborder=\"0\" scrolling=\"no\" allowfullscreen=\"allowfullscreen\"><\/iframe><\/p>\n<p style=\"text-align: justify;\"><span style=\"font-size: 12pt;\">Conferin\u021ba na\u021bional\u0103 pentru OSC-uri \u201eRezilien\u021ba \u00een timpuri de criz\u0103\u201d a fost organizat\u0103 \u00een cadrul proiectului <a href=\"https:\/\/old2.old.crjm.org\/promovarea-suprematiei-legii-prin-monitorizare-de-catre-societatea-civila\/\">\u201ePromovarea suprema\u021biei legii prin monitorizare de c\u0103tre societatea civil\u0103\u201d<\/a>, implementat de CRJM cu suportul Agen\u021biei SUA pentru Dezvoltare Interna\u021bional\u0103 (USAID).<\/span><\/p>\n","protected":false},"excerpt":{"rendered":"<p>\u201eSubiecte actuale\u201d, \u201einforma\u021bii foarte utile\u201d, \u201eun mare suport \u00een aceast\u0103 perioad\u0103 de criz\u0103 pentru organiza\u021biile societ\u0103\u021bii civile\u201d \u2013 asemenea aprecieri a primit conferin\u021ba na\u021bional\u0103 \u201eRezilien\u021ba \u00een timpuri de criz\u0103\u201d, organizat\u0103 de Centrul de Resurse Juridice din Moldova online, \u00eentre 2-4 septembrie curent. Pe parcursul a trei zile, peste 100 de reprezentan\u021bi ai organiza\u021biilor societ\u0103\u021bii civile [&hellip;]<\/p>\n","protected":false},"author":10,"featured_media":21747,"comment_status":"closed","ping_status":"closed","sticky":false,"template":"","format":"standard","meta":[],"categories":[7],"tags":[],"acf":[],"_links":{"self":[{"href":"https:\/\/old.crjm.org\/ru\/wp-json\/wp\/v2\/posts\/21739"}],"collection":[{"href":"https:\/\/old.crjm.org\/ru\/wp-json\/wp\/v2\/posts"}],"about":[{"href":"https:\/\/old.crjm.org\/ru\/wp-json\/wp\/v2\/types\/post"}],"author":[{"embeddable":true,"href":"https:\/\/old.crjm.org\/ru\/wp-json\/wp\/v2\/users\/10"}],"replies":[{"embeddable":true,"href":"https:\/\/old.crjm.org\/ru\/wp-json\/wp\/v2\/comments?post=21739"}],"version-history":[{"count":11,"href":"https:\/\/old.crjm.org\/ru\/wp-json\/wp\/v2\/posts\/21739\/revisions"}],"predecessor-version":[{"id":22021,"href":"https:\/\/old.crjm.org\/ru\/wp-json\/wp\/v2\/posts\/21739\/revisions\/22021"}],"wp:featuredmedia":[{"embeddable":true,"href":"https:\/\/old.crjm.org\/ru\/wp-json\/wp\/v2\/media\/21747"}],"wp:attachment":[{"href":"https:\/\/old.crjm.org\/ru\/wp-json\/wp\/v2\/media?parent=21739"}],"wp:term":[{"taxonomy":"category","embeddable":true,"href":"https:\/\/old.crjm.org\/ru\/wp-json\/wp\/v2\/categories?post=21739"},{"taxonomy":"post_tag","embeddable":true,"href":"https:\/\/old.crjm.org\/ru\/wp-json\/wp\/v2\/tags?post=21739"}],"curies":[{"name":"wp","href":"https:\/\/api.w.org\/{rel}","templated":true}]}}