{"id":8341,"date":"2016-11-29T16:33:13","date_gmt":"2016-11-29T14:33:13","guid":{"rendered":"http:\/\/crjm.org\/?p=8341"},"modified":"2020-05-19T12:35:45","modified_gmt":"2020-05-19T09:35:45","slug":"societatea-civila-solicita-guvernului-publicarea-in-regim-de-urgenta-a-regulamentului-2","status":"publish","type":"post","link":"https:\/\/old.crjm.org\/en\/societatea-civila-solicita-guvernului-publicarea-in-regim-de-urgenta-a-regulamentului-2\/","title":{"rendered":"Societatea civil\u0103  solicit\u0103 Guvernului publicarea \u00een regim de urgen\u021b\u0103 a Regulamentului 2%"},"content":{"rendered":"<p>&nbsp;<\/p>\n<p style=\"text-align: justify;\"><b>Organiza\u021biile semnatare solicit\u0103 Guvernului publicarea \u00een regim de urgen\u021b\u0103 a Regulamentului cu privire la mecanismul de desemnare procentual\u0103, aprobat la \u0219edin\u021ba Guvernului din 2 noiembrie 2016. Lipsa public\u0103rii \u00een Monitorul Oficial face imposibil\u0103 demararea procedurii prealabile de \u00eenregistrare a organiza\u021biilor beneficiare la mecanism \u0219i implicit, imposibilitatea de a aplica mecanismul 2% pentru anul 2017. Acest fapt va influen\u021ba negativ sustenabilitatea financiar\u0103 a organiza\u021biilor societ\u0103\u021bii civile \u00een anul urm\u0103tor \u0219i va diminua substan\u021bial din eforturile depuse de c\u0103tre autorit\u0103\u021bi pentru a sprijini activitatea organiza\u021biilor societ\u0103\u021bii civile. <\/b><\/p>\n<p style=\"text-align: justify;\">La 2 noiembrie 2016, Guvernul a adoptat Hot\u0103r\u00e2rea de Guvern de aprobare a Regulamentului cu privire la mecanismul de desemnare procentual\u0103, care este instrumentul de aplicare a \u201eLegii 2%\u201d. Aceast\u0103 lege permite persoanelor fizice s\u0103 direc\u021bioneze 2% din impozitul lor pe venit c\u0103tre anumite organiza\u021bii ale societ\u0103\u021bii civile. Regulamentul stabile\u015fte mecanismul prin care contribuabilii, persoane fizice, pot desemna 2% din suma impozitului pe venit c\u0103tre beneficiarii desemn\u0103rii procentuale.<\/p>\n<p style=\"text-align: justify;\">P\u00e2n\u0103 la 29 noiembrie 2016, Hot\u0103r\u00e2rea Guvernului din 2 noiembrie 2016 nu a fost publicat\u0103 \u00een Monitorul Oficial, de\u0219i, dup\u0103 data adopt\u0103rii Regulamentului, au fost tip\u0103rite \u0219ase edi\u021bii ale Monitorului Oficial (edi\u021biile din 4, 8, 11, 18, 25 \u0219i 29 noiembrie 2016). \u00cen acela\u0219i timp, \u00eentre 2 octombrie \u0219i 29 noiembrie 2016, au fost publicate o serie de alte hot\u0103r\u00e2ri adoptate la o \u0219edin\u021b\u0103 ulterioar\u0103 a Cabinetului de Mini\u0219tri.<\/p>\n<p style=\"text-align: justify;\">Nepublicarea Regulamentului cu privire la desemnarea procentual\u0103 face imposibil\u0103 demararea procedurii prealabile de \u00eenregistrare a organiza\u021biilor beneficiare de c\u0103tre Ministerul Justi\u021biei. Potrivit Regulamentului, \u00eenregistrarea organiza\u021biilor beneficiare ar urma s\u0103 aib\u0103 loc \u00een termen de 20 zile de la publicarea Regulamentului <b>dar nu mai t\u00e2rziu de 31 decembrie 2016<\/b>, ziua \u00een care lista beneficiarilor desemn\u0103rii procentuale ar urma urmeaz\u0103 a fi publicat\u0103 pe pagina web oficial\u0103 a Ministerului Justi\u021biei.<\/p>\n<p style=\"text-align: justify;\">Adoptarea \u0219i implementarea mecanismului de desemnare constituie una din priorit\u0103\u021bile stabilite prin Foaia de parcurs privind agenda de reforme prioritare (ac\u021biunea 12.3), asumat\u0103 de c\u0103tre autorit\u0103\u021bile Republicii Moldova \u0219i raportat\u0103 ca fiind realizat\u0103.<\/p>\n<p style=\"text-align: justify;\">\u00cen prezen\u021ba unui termen restr\u00e2ns acordat organiza\u021biilor pentru \u00eenregistrarea la mecanism <b>(mai pu\u021bin de 30 zile),<\/b> precum \u0219i perioada scurt\u0103 acordat\u0103 reprezentan\u021bilor Ministerului Justi\u021biei pentru procesarea cererilor de \u00eenregistrare, exist\u0103 riscul imposibilit\u0103\u021bii aplic\u0103rii Legii 2% \u00een anul 2017 pentru veniturile ob\u021binute \u00een 2016. \u00a0Prin urmare, \u00een perioada ianuarie \u2013 martie 2017, contribuabilii persoane fizice vor fi \u00een imposibilitate s\u0103 direc\u021bioneze 2% din impozitul pe venit c\u0103tre organiza\u021biile beneficiare.<\/p>\n<p style=\"text-align: justify;\"><b>\u00a0<\/b><b>Semnatarii solicit\u0103:<\/b><\/p>\n<ul>\n<li><b>Guvernului Republicii Moldova<\/b><\/li>\n<\/ul>\n<p style=\"text-align: justify;\">S\u0103 asigure publicarea \u00een Monitorul Oficial \u00een regim de urgen\u021b\u0103 a Regulamentului cu privire la mecanismul de desemnare procentual\u0103, cel t\u00e2rziu la 2 decembrie 2016.<\/p>\n<ul>\n<li><b>Parlamentului Republicii Moldova<\/b><\/li>\n<\/ul>\n<p style=\"text-align: justify;\">S\u0103 sus\u021bin\u0103 actorii guvernamentali implica\u021bi \u00een procedura de implementare a mecanismului de desemnare procentual\u0103 pentru a asigura o implementare veritabil\u0103 mecanismului 2%, ac\u021biune asumat\u0103 prin Foaia de parcurs privind agenda de reforme prioritare.<\/p>\n<p style=\"text-align: justify;\"><a href=\"http:\/\/old2.old.crjm.org\/wp-content\/uploads\/2016\/11\/16-11-29_apel_2procente.fin_.pdf\">Textul integral al apelului este disponibil aici.\u00a0<\/a><\/p>\n<p style=\"text-align: justify;\"><b>Organiza\u021biile semnatare:<\/b><\/p>\n<ol>\n<li>Centrul de Resurse Juridice din Moldova (CRJM),<\/li>\n<li>Asociatia Internationala a Pastratorilor R\u00e2ului Eco-TIRAS,<\/li>\n<li>Institutul de Politici \u0219i Reforme Europene (IPRE),<\/li>\n<li>Funda\u021bia Pentru Dezvoltare,<\/li>\n<li>Asocia\u021bia Ob\u0219teasc\u0103 \u201eSynergEtica Eur\/Est&#8221;,<\/li>\n<li>Centrul de Instruire si Consultanta Organiza\u021bional\u0103 (CICO),<\/li>\n<li>Asocia\u021bia Femeilor pentru Protec\u021bia Mediului \u0219i Dezvoltarea Durabil\u0103 (AFPMDD),<\/li>\n<li>Expert-Grup,<\/li>\n<li>AO &#8220;Femeia si Copilul &#8211; Protectie si Sprijin&#8221; (FCPS),<\/li>\n<li>ONG\u00a0 Terra-1530,<\/li>\n<li>Centrul de Informa\u021bii GENDERDOC-M,<\/li>\n<li>Centrul Na\u0163ional de Asisten\u021b\u0103 \u015fi Informare a ONG-urilor din Moldova CONTACT,<\/li>\n<li>Asocia\u0163ia Presei Independente (API),<\/li>\n<li>Asocia\u021bia pentru Guvernare Eficient\u0103 \u0219i Responsabil\u0103 (AGER),<\/li>\n<li>Funda\u021bia Est-Europeana,<\/li>\n<li>Clinica Juridic\u0103 Universitar\u0103,<\/li>\n<li>Centrul National de Drept &#8220;AD LEGEM&#8221;,<\/li>\n<li>Federa\u021bia Na\u021bional\u0103 a Agricultorilor AGROinform,<\/li>\n<li>Promo-LEX,<\/li>\n<li>AO Centrul European &#8220;Pro-Europa&#8221; din Comrat,<\/li>\n<li>RCTV Memoria,<\/li>\n<li>Caroma Nord,<\/li>\n<li>Ambasada Drepturilor Omului,<\/li>\n<li>Alian\u021ba INFONET,<\/li>\n<li>Asocia\u021bia pentru Politic\u0103 Extern\u0103 (APE),<\/li>\n<li>Keystone Moldova,<\/li>\n<li>AO Centrul &#8220;Speran\u021ba\u201d,<\/li>\n<li>Centrul International \u201cLa Strada\u201d,<\/li>\n<li>Centrul de Informare \u0219i Documentare privind Drepturile Copilului din Moldova (CIDDC),<\/li>\n<li>Consiliul Na\u0163ional al Tineretului din Moldova (CNTM),<\/li>\n<li>Centrul de Asistenta Socio-Medical\u0103 la Domiciliu (CASMED),<\/li>\n<li>Asocia\u021bia \u201eMotiva\u021bie\u201d,<\/li>\n<li>Centrul de Drept al Femeilor (CDF),<\/li>\n<li>Amnesty International Moldova (AIM),<\/li>\n<li>Centrul Parteneriat pentru Dezvoltare (CPD),<\/li>\n<li>Asocia\u021bia Na\u021bional\u0103 a Companiilor din Domeniul TIC,<\/li>\n<li>Institutul de Reforme Penale (IRP),<\/li>\n<li>Institutul pentru Drepturile Omului din Moldova (IDOM),<\/li>\n<li>Centrul National de Mediu,<\/li>\n<li>Centrul de Informare \u00een domeniul Drepturilor Omului (CIDO),<\/li>\n<li>Platforma Pentru Cet\u0103\u021benie Activ\u0103 \u0219i Parteneriat pentru Drepturile Omului,<\/li>\n<li>Uniunea Organiza\u021biilor Invalizilor din Republica Moldova,<\/li>\n<li>Asocia\u021bia Antreprenorilor cu Dizabilit\u0103\u0163i din Republica Moldova &#8220;Abilit\u0103\u021bi Europene F\u0103r\u0103 Limite&#8221;,<\/li>\n<li>Cluster-ul organiza\u021biilor pro-sociale cu statut de Centru &#8220;Inova\u021bii pentru Cooper\u0103ri Sociale&#8221;,<\/li>\n<li>Centrul de Resurse DIALOG-Pro,<\/li>\n<li>Societatea Crucii Ro\u0219ii din Moldova.<\/li>\n<\/ol>\n","protected":false},"excerpt":{"rendered":"<p>&nbsp; Organiza\u021biile semnatare solicit\u0103 Guvernului publicarea \u00een regim de urgen\u021b\u0103 a Regulamentului cu privire la mecanismul de desemnare procentual\u0103, aprobat la \u0219edin\u021ba Guvernului din 2 noiembrie 2016. Lipsa public\u0103rii \u00een Monitorul Oficial face imposibil\u0103 demararea procedurii prealabile de \u00eenregistrare a organiza\u021biilor beneficiare la mecanism \u0219i implicit, imposibilitatea de a aplica mecanismul 2% pentru anul 2017. [&hellip;]<\/p>\n","protected":false},"author":1,"featured_media":6254,"comment_status":"closed","ping_status":"closed","sticky":false,"template":"","format":"standard","meta":[],"categories":[7],"tags":[],"acf":[],"_links":{"self":[{"href":"https:\/\/old.crjm.org\/en\/wp-json\/wp\/v2\/posts\/8341"}],"collection":[{"href":"https:\/\/old.crjm.org\/en\/wp-json\/wp\/v2\/posts"}],"about":[{"href":"https:\/\/old.crjm.org\/en\/wp-json\/wp\/v2\/types\/post"}],"author":[{"embeddable":true,"href":"https:\/\/old.crjm.org\/en\/wp-json\/wp\/v2\/users\/1"}],"replies":[{"embeddable":true,"href":"https:\/\/old.crjm.org\/en\/wp-json\/wp\/v2\/comments?post=8341"}],"version-history":[{"count":1,"href":"https:\/\/old.crjm.org\/en\/wp-json\/wp\/v2\/posts\/8341\/revisions"}],"predecessor-version":[{"id":20954,"href":"https:\/\/old.crjm.org\/en\/wp-json\/wp\/v2\/posts\/8341\/revisions\/20954"}],"wp:featuredmedia":[{"embeddable":true,"href":"https:\/\/old.crjm.org\/en\/wp-json\/"}],"wp:attachment":[{"href":"https:\/\/old.crjm.org\/en\/wp-json\/wp\/v2\/media?parent=8341"}],"wp:term":[{"taxonomy":"category","embeddable":true,"href":"https:\/\/old.crjm.org\/en\/wp-json\/wp\/v2\/categories?post=8341"},{"taxonomy":"post_tag","embeddable":true,"href":"https:\/\/old.crjm.org\/en\/wp-json\/wp\/v2\/tags?post=8341"}],"curies":[{"name":"wp","href":"https:\/\/api.w.org\/{rel}","templated":true}]}}